{"id":3753,"date":"2025-05-18T15:56:17","date_gmt":"2025-05-18T15:56:17","guid":{"rendered":"https:\/\/operational.pt\/?p=3753"},"modified":"2025-05-18T15:57:44","modified_gmt":"2025-05-18T15:57:44","slug":"dia-do-automovel-2","status":"publish","type":"post","link":"https:\/\/operational.pt\/en\/2025\/05\/18\/dia-do-automovel-2\/","title":{"rendered":"Dia do Autom\u00f3vel"},"content":{"rendered":"<div data-elementor-type=\"wp-post\" data-elementor-id=\"3753\" class=\"elementor elementor-3753\">\n\t\t\t\t\t\t<section class=\"elementor-section elementor-top-section elementor-element elementor-element-f9a49e7 elementor-section-boxed elementor-section-height-default elementor-section-height-default\" data-id=\"f9a49e7\" data-element_type=\"section\" data-e-type=\"section\">\n\t\t\t\t\t\t<div class=\"elementor-container elementor-column-gap-default\">\n\t\t\t\t\t<div class=\"elementor-column elementor-col-100 elementor-top-column elementor-element elementor-element-0ba9146\" data-id=\"0ba9146\" data-element_type=\"column\" data-e-type=\"column\">\n\t\t\t<div class=\"elementor-widget-wrap elementor-element-populated\">\n\t\t\t\t\t\t<div class=\"elementor-element elementor-element-ef979ac elementor-widget elementor-widget-text-editor\" data-id=\"ef979ac\" data-element_type=\"widget\" data-e-type=\"widget\" data-widget_type=\"text-editor.default\">\n\t\t\t\t<div class=\"elementor-widget-container\">\n\t\t\t\t\t\t\t\t\t<p style=\"line-height: normal; margin: 0pt 0in; text-indent: 0in; direction: ltr; unicode-bidi: embed; word-break: normal;\"><span style=\"font-size: 20pt; font-family: Calibri; font-variant: normal; color: black; letter-spacing: 0pt; font-weight: bold; font-style: normal;\">Dia do Autom\u00f3vel<\/span><\/p>\n\n<p style=\"language:pt;margin-top:0pt;margin-bottom:0pt;margin-left:0in;text-align:justify;text-justify:inter-ideograph;direction:ltr;unicode-bidi:embed;mso-line-break-override:none;word-break:normal;punctuation-wrap:hanging\"><span style=\"font-size: 18pt; font-family: Calibri; font-variant: normal; color: black; letter-spacing: 0pt; font-weight: normal; font-style: normal;\">\u201c<\/span><span style=\"font-size:18.0pt;font-family:Helvetica;mso-ascii-font-family:Helvetica;mso-fareast-font-family:Calibri;mso-bidi-font-family:Aptos;color:black;mso-color-index:1;mso-font-kerning:12.0pt;language:pt;mso-style-textfill-type:solid;mso-style-textfill-fill-themecolor:text1;mso-style-textfill-fill-color:black;mso-style-textfill-fill-alpha:100.0%\">O Dia do Autom\u00f3vel, celebrado em\nPortugal a 13 de maio, destaca a import\u00e2ncia dos carros no nosso dia a dia.\nEsta data serve para refletir sobre a evolu\u00e7\u00e3o dos autom\u00f3veis, a seguran\u00e7a\nrodovi\u00e1ria e a necessidade de um uso mais sustent\u00e1vel dos transportes.<\/span><\/p>\n\n<p style=\"language:pt;margin-top:0pt;margin-bottom:0pt;margin-left:0in;text-align:justify;text-justify:inter-ideograph;direction:ltr;unicode-bidi:embed;mso-line-break-override:none;word-break:normal;punctuation-wrap:hanging\"><span style=\"font-size:18.0pt;font-family:Helvetica;mso-ascii-font-family:Helvetica;mso-fareast-font-family:Calibri;mso-bidi-font-family:Aptos;color:black;mso-color-index:1;mso-font-kerning:12.0pt;language:pt;mso-style-textfill-type:solid;mso-style-textfill-fill-themecolor:text1;mso-style-textfill-fill-color:black;mso-style-textfill-fill-alpha:100.0%\">Curiosidades:<\/span><\/p>\n\n<div style=\"language:pt;margin-top:0pt;margin-bottom:0pt;margin-left:.31in;text-indent:-.31in;text-align:justify;text-justify:inter-ideograph;direction:ltr;unicode-bidi:embed;mso-line-break-override:none;word-break:normal;punctuation-wrap:hanging\"><span style=\"font-size:18.0pt\"><span style=\"mso-special-format:bullet;font-family:Arial\">\u2022<\/span><\/span><span style=\"font-size:18.0pt;font-family:Helvetica;mso-ascii-font-family:Helvetica;mso-fareast-font-family:Calibri;mso-bidi-font-family:Aptos;color:black;mso-color-index:1;mso-font-kerning:12.0pt;language:pt;mso-style-textfill-type:solid;mso-style-textfill-fill-themecolor:text1;mso-style-textfill-fill-color:black;mso-style-textfill-fill-alpha:100.0%\">O primeiro autom\u00f3vel a circular em\nPortugal foi em 1895, em Lisboa.<\/span><\/div>\n\n<div style=\"language:pt;margin-top:0pt;margin-bottom:0pt;margin-left:.31in;text-indent:-.31in;text-align:justify;text-justify:inter-ideograph;direction:ltr;unicode-bidi:embed;mso-line-break-override:none;word-break:normal;punctuation-wrap:hanging\"><span style=\"font-size:18.0pt\"><span style=\"mso-special-format:bullet;font-family:Arial\">\u2022<\/span><\/span><span style=\"font-size:18.0pt;font-family:Helvetica;mso-ascii-font-family:Helvetica;mso-fareast-font-family:Calibri;mso-bidi-font-family:Aptos;color:black;mso-color-index:1;mso-font-kerning:12.0pt;language:pt;mso-style-textfill-type:solid;mso-style-textfill-fill-themecolor:text1;mso-style-textfill-fill-color:black;mso-style-textfill-fill-alpha:100.0%\">O carro mais vendido de sempre no\nmundo \u00e9 o Toyota Corolla.<\/span><\/div>\n\n<div style=\"language:pt;margin-top:0pt;margin-bottom:0pt;margin-left:.31in;text-indent:-.31in;text-align:justify;text-justify:inter-ideograph;direction:ltr;unicode-bidi:embed;mso-line-break-override:none;word-break:normal;punctuation-wrap:hanging\"><span style=\"font-size:18.0pt\"><span style=\"mso-special-format:bullet;font-family:Arial\">\u2022<\/span><\/span><span style=\"font-size:18.0pt;font-family:Helvetica;mso-ascii-font-family:Helvetica;mso-fareast-font-family:Calibri;mso-bidi-font-family:Aptos;color:black;mso-color-index:1;mso-font-kerning:12.0pt;language:pt;mso-style-textfill-type:solid;mso-style-textfill-fill-themecolor:text1;mso-style-textfill-fill-color:black;mso-style-textfill-fill-alpha:100.0%\">Os primeiros autom\u00f3veis n\u00e3o tinham\nvolante &#8211; usavam uma esp\u00e9cie de alavanca para dire\u00e7\u00e3o.<\/span><\/div>\n\n<div style=\"language:pt;margin-top:0pt;margin-bottom:0pt;margin-left:.31in;text-indent:-.31in;text-align:justify;text-justify:inter-ideograph;direction:ltr;unicode-bidi:embed;mso-line-break-override:none;word-break:normal;punctuation-wrap:hanging\"><span style=\"font-size:18.0pt\"><span style=\"mso-special-format:bullet;font-family:Arial\">\u2022<\/span><\/span><span style=\"font-size:18.0pt;font-family:Helvetica;mso-ascii-font-family:Helvetica;mso-fareast-font-family:Calibri;mso-bidi-font-family:Aptos;color:black;mso-color-index:1;mso-font-kerning:12.0pt;language:pt;mso-style-textfill-type:solid;mso-style-textfill-fill-themecolor:text1;mso-style-textfill-fill-color:black;mso-style-textfill-fill-alpha:100.0%\">Atualmente, os carros el\u00e9tricos\nest\u00e3o a ganhar cada vez mais espa\u00e7o, ajudando a reduzir a polui\u00e7\u00e3o.<\/span><\/div>\n\n<p style=\"line-height: normal; margin: 0pt 0in; text-indent: 0in; direction: ltr; unicode-bidi: embed; word-break: normal;\"><span style=\"text-align: justify; font-size: 18pt; font-family: Helvetica; color: black;\">O Dia do Autom\u00f3vel \u00e9 tamb\u00e9m uma\noportunidade para lembrar a import\u00e2ncia de conduzir com responsabilidade e\ncuidar do planeta.<\/span><span style=\"font-style: normal; font-variant: normal; font-weight: normal; text-align: justify; font-size: 18pt; font-family: Calibri; color: black; letter-spacing: 0pt;\">\u201d<\/span><\/p><p style=\"line-height: normal; margin: 0pt 0in; text-indent: 0in; direction: ltr; unicode-bidi: embed; word-break: normal;\"><br><\/p>\n<p style=\"line-height: normal; margin: 0pt 0in; text-indent: 0in; direction: ltr; unicode-bidi: embed; word-break: normal;\">\n<\/p>\t\t\t\t\t\t\t\t<\/div>\n\t\t\t\t<\/div>\n\t\t\t\t\t<\/div>\n\t\t<\/div>\n\t\t\t\t\t<\/div>\n\t\t<\/section>\n\t\t\t\t<\/div>","protected":false},"excerpt":{"rendered":"<p>Dia do Autom\u00f3vel \u201cO Dia do Autom\u00f3vel, celebrado em Portugal a 13 de maio, destaca a import\u00e2ncia dos carros no nosso dia a dia. Esta data serve para refletir sobre a evolu\u00e7\u00e3o dos autom\u00f3veis, a seguran\u00e7a rodovi\u00e1ria e a necessidade de um uso mais sustent\u00e1vel dos transportes. Curiosidades: \u2022O primeiro autom\u00f3vel a circular em Portugal [&hellip;]<\/p>","protected":false},"author":1,"featured_media":3754,"comment_status":"open","ping_status":"open","sticky":false,"template":"","format":"standard","meta":{"footnotes":""},"categories":[3,1],"tags":[],"class_list":["post-3753","post","type-post","status-publish","format-standard","has-post-thumbnail","hentry","category-noticias","category-uncategorized","entry","has-media"],"_links":{"self":[{"href":"https:\/\/operational.pt\/en\/wp-json\/wp\/v2\/posts\/3753","targetHints":{"allow":["GET"]}}],"collection":[{"href":"https:\/\/operational.pt\/en\/wp-json\/wp\/v2\/posts"}],"about":[{"href":"https:\/\/operational.pt\/en\/wp-json\/wp\/v2\/types\/post"}],"author":[{"embeddable":true,"href":"https:\/\/operational.pt\/en\/wp-json\/wp\/v2\/users\/1"}],"replies":[{"embeddable":true,"href":"https:\/\/operational.pt\/en\/wp-json\/wp\/v2\/comments?post=3753"}],"version-history":[{"count":4,"href":"https:\/\/operational.pt\/en\/wp-json\/wp\/v2\/posts\/3753\/revisions"}],"predecessor-version":[{"id":3758,"href":"https:\/\/operational.pt\/en\/wp-json\/wp\/v2\/posts\/3753\/revisions\/3758"}],"wp:featuredmedia":[{"embeddable":true,"href":"https:\/\/operational.pt\/en\/wp-json\/wp\/v2\/media\/3754"}],"wp:attachment":[{"href":"https:\/\/operational.pt\/en\/wp-json\/wp\/v2\/media?parent=3753"}],"wp:term":[{"taxonomy":"category","embeddable":true,"href":"https:\/\/operational.pt\/en\/wp-json\/wp\/v2\/categories?post=3753"},{"taxonomy":"post_tag","embeddable":true,"href":"https:\/\/operational.pt\/en\/wp-json\/wp\/v2\/tags?post=3753"}],"curies":[{"name":"wp","href":"https:\/\/api.w.org\/{rel}","templated":true}]}}