{"id":3846,"date":"2025-06-27T14:06:18","date_gmt":"2025-06-27T14:06:18","guid":{"rendered":"https:\/\/operational.pt\/?p=3846"},"modified":"2025-06-27T14:06:46","modified_gmt":"2025-06-27T14:06:46","slug":"dia-da-produtividade","status":"publish","type":"post","link":"https:\/\/operational.pt\/en\/2025\/06\/27\/dia-da-produtividade\/","title":{"rendered":"Dia da Produtividade"},"content":{"rendered":"<div data-elementor-type=\"wp-post\" data-elementor-id=\"3846\" class=\"elementor elementor-3846\">\n\t\t\t\t\t\t<section class=\"elementor-section elementor-top-section elementor-element elementor-element-f9a49e7 elementor-section-boxed elementor-section-height-default elementor-section-height-default\" data-id=\"f9a49e7\" data-element_type=\"section\" data-e-type=\"section\">\n\t\t\t\t\t\t<div class=\"elementor-container elementor-column-gap-default\">\n\t\t\t\t\t<div class=\"elementor-column elementor-col-100 elementor-top-column elementor-element elementor-element-0ba9146\" data-id=\"0ba9146\" data-element_type=\"column\" data-e-type=\"column\">\n\t\t\t<div class=\"elementor-widget-wrap elementor-element-populated\">\n\t\t\t\t\t\t<div class=\"elementor-element elementor-element-ef979ac elementor-widget elementor-widget-text-editor\" data-id=\"ef979ac\" data-element_type=\"widget\" data-e-type=\"widget\" data-widget_type=\"text-editor.default\">\n\t\t\t\t<div class=\"elementor-widget-container\">\n\t\t\t\t\t\t\t\t\t<p>\u201cO Dia Mundial da Produtividade celebra-se a 20 de junho.<br \/>\u00c9 um dia dedicado \u00e0 reflex\u00e3o sobre a produtividade, a sua import\u00e2ncia e como a aumentar. Esta data \u00e9 um momento oportuno para debater sobre a contribui\u00e7\u00e3o dos trabalhadores e dos empregadores para um ambiente de trabalho mais produtivo e sustent\u00e1vel.\u201d<\/p>\t\t\t\t\t\t\t\t<\/div>\n\t\t\t\t<\/div>\n\t\t\t\t\t<\/div>\n\t\t<\/div>\n\t\t\t\t\t<\/div>\n\t\t<\/section>\n\t\t\t\t<\/div>","protected":false},"excerpt":{"rendered":"<p>\u201cO Dia Mundial da Produtividade celebra-se a 20 de junho.\u00c9 um dia dedicado \u00e0 reflex\u00e3o sobre a produtividade, a sua import\u00e2ncia e como a aumentar. Esta data \u00e9 um momento oportuno para debater sobre a contribui\u00e7\u00e3o dos trabalhadores e dos empregadores para um ambiente de trabalho mais produtivo e sustent\u00e1vel.\u201d<\/p>","protected":false},"author":1,"featured_media":3847,"comment_status":"open","ping_status":"open","sticky":false,"template":"","format":"standard","meta":{"footnotes":""},"categories":[3,1],"tags":[],"class_list":["post-3846","post","type-post","status-publish","format-standard","has-post-thumbnail","hentry","category-noticias","category-uncategorized","entry","has-media"],"_links":{"self":[{"href":"https:\/\/operational.pt\/en\/wp-json\/wp\/v2\/posts\/3846","targetHints":{"allow":["GET"]}}],"collection":[{"href":"https:\/\/operational.pt\/en\/wp-json\/wp\/v2\/posts"}],"about":[{"href":"https:\/\/operational.pt\/en\/wp-json\/wp\/v2\/types\/post"}],"author":[{"embeddable":true,"href":"https:\/\/operational.pt\/en\/wp-json\/wp\/v2\/users\/1"}],"replies":[{"embeddable":true,"href":"https:\/\/operational.pt\/en\/wp-json\/wp\/v2\/comments?post=3846"}],"version-history":[{"count":4,"href":"https:\/\/operational.pt\/en\/wp-json\/wp\/v2\/posts\/3846\/revisions"}],"predecessor-version":[{"id":3851,"href":"https:\/\/operational.pt\/en\/wp-json\/wp\/v2\/posts\/3846\/revisions\/3851"}],"wp:featuredmedia":[{"embeddable":true,"href":"https:\/\/operational.pt\/en\/wp-json\/wp\/v2\/media\/3847"}],"wp:attachment":[{"href":"https:\/\/operational.pt\/en\/wp-json\/wp\/v2\/media?parent=3846"}],"wp:term":[{"taxonomy":"category","embeddable":true,"href":"https:\/\/operational.pt\/en\/wp-json\/wp\/v2\/categories?post=3846"},{"taxonomy":"post_tag","embeddable":true,"href":"https:\/\/operational.pt\/en\/wp-json\/wp\/v2\/tags?post=3846"}],"curies":[{"name":"wp","href":"https:\/\/api.w.org\/{rel}","templated":true}]}}