{"id":4507,"date":"2026-04-30T16:22:40","date_gmt":"2026-04-30T16:22:40","guid":{"rendered":"https:\/\/operational.pt\/?p=4507"},"modified":"2026-04-30T16:23:50","modified_gmt":"2026-04-30T16:23:50","slug":"dia-mundial-da-prevencao-e-seguranca-no-trabalho-3","status":"publish","type":"post","link":"https:\/\/operational.pt\/en\/2026\/04\/30\/dia-mundial-da-prevencao-e-seguranca-no-trabalho-3\/","title":{"rendered":"Dia Mundial da Preven\u00e7\u00e3o e Seguran\u00e7a no Trabalho"},"content":{"rendered":"<div data-elementor-type=\"wp-post\" data-elementor-id=\"4507\" class=\"elementor elementor-4507\">\n\t\t\t\t\t\t<section class=\"elementor-section elementor-top-section elementor-element elementor-element-f9a49e7 elementor-section-boxed elementor-section-height-default elementor-section-height-default\" data-id=\"f9a49e7\" data-element_type=\"section\" data-e-type=\"section\">\n\t\t\t\t\t\t<div class=\"elementor-container elementor-column-gap-default\">\n\t\t\t\t\t<div class=\"elementor-column elementor-col-100 elementor-top-column elementor-element elementor-element-0ba9146\" data-id=\"0ba9146\" data-element_type=\"column\" data-e-type=\"column\">\n\t\t\t<div class=\"elementor-widget-wrap elementor-element-populated\">\n\t\t\t\t\t\t<div class=\"elementor-element elementor-element-ef979ac elementor-widget elementor-widget-text-editor\" data-id=\"ef979ac\" data-element_type=\"widget\" data-e-type=\"widget\" data-widget_type=\"text-editor.default\">\n\t\t\t\t<div class=\"elementor-widget-container\">\n\t\t\t\t\t\t\t\t\t<div dir=\"auto\"><p>\u201cO Dia Mundial da Seguran\u00e7a e Sa\u00fade no Trabalho celebra-se em todo o mundo a 28 de abril e pretende homenagear todas as v\u00edtimas de acidentes de trabalho e de doen\u00e7as profissionais.<\/p><p>A primeira cerim\u00f3nia teve lugar em Nova Iorque\u200b\u200b na Organiza\u00e7\u00e3o das Na\u00e7\u00f5es Unidas em 1996, sendo esta comemora\u00e7\u00e3o, reconhecida e apoiada pela Organiza\u00e7\u00e3o Internacional do Trabalho (OIT) desde 2001. \u00c9 celebrada oficialmente\u200b em in\u00fameros pa\u00edses como uma parte integrante da estrat\u00e9gia para a seguran\u00e7a e sa\u00fade no trabalho, promovendo a cria\u00e7\u00e3o de uma cultura global de seguran\u00e7a.\u201d<\/p><\/div>\t\t\t\t\t\t\t\t<\/div>\n\t\t\t\t<\/div>\n\t\t\t\t\t<\/div>\n\t\t<\/div>\n\t\t\t\t\t<\/div>\n\t\t<\/section>\n\t\t\t\t<\/div>","protected":false},"excerpt":{"rendered":"<p>\u201cO Dia Mundial da Seguran\u00e7a e Sa\u00fade no Trabalho celebra-se em todo o mundo a 28 de abril e pretende homenagear todas as v\u00edtimas de acidentes de trabalho e de doen\u00e7as profissionais. A primeira cerim\u00f3nia teve lugar em Nova Iorque\u200b\u200b na Organiza\u00e7\u00e3o das Na\u00e7\u00f5es Unidas em 1996, sendo esta comemora\u00e7\u00e3o, reconhecida e apoiada pela Organiza\u00e7\u00e3o [&hellip;]<\/p>","protected":false},"author":1,"featured_media":4508,"comment_status":"open","ping_status":"open","sticky":false,"template":"","format":"standard","meta":{"footnotes":""},"categories":[3,1],"tags":[],"class_list":["post-4507","post","type-post","status-publish","format-standard","has-post-thumbnail","hentry","category-noticias","category-uncategorized","entry","has-media"],"_links":{"self":[{"href":"https:\/\/operational.pt\/en\/wp-json\/wp\/v2\/posts\/4507","targetHints":{"allow":["GET"]}}],"collection":[{"href":"https:\/\/operational.pt\/en\/wp-json\/wp\/v2\/posts"}],"about":[{"href":"https:\/\/operational.pt\/en\/wp-json\/wp\/v2\/types\/post"}],"author":[{"embeddable":true,"href":"https:\/\/operational.pt\/en\/wp-json\/wp\/v2\/users\/1"}],"replies":[{"embeddable":true,"href":"https:\/\/operational.pt\/en\/wp-json\/wp\/v2\/comments?post=4507"}],"version-history":[{"count":4,"href":"https:\/\/operational.pt\/en\/wp-json\/wp\/v2\/posts\/4507\/revisions"}],"predecessor-version":[{"id":4512,"href":"https:\/\/operational.pt\/en\/wp-json\/wp\/v2\/posts\/4507\/revisions\/4512"}],"wp:featuredmedia":[{"embeddable":true,"href":"https:\/\/operational.pt\/en\/wp-json\/wp\/v2\/media\/4508"}],"wp:attachment":[{"href":"https:\/\/operational.pt\/en\/wp-json\/wp\/v2\/media?parent=4507"}],"wp:term":[{"taxonomy":"category","embeddable":true,"href":"https:\/\/operational.pt\/en\/wp-json\/wp\/v2\/categories?post=4507"},{"taxonomy":"post_tag","embeddable":true,"href":"https:\/\/operational.pt\/en\/wp-json\/wp\/v2\/tags?post=4507"}],"curies":[{"name":"wp","href":"https:\/\/api.w.org\/{rel}","templated":true}]}}